{"id":2161,"date":"2021-02-26T12:52:05","date_gmt":"2021-02-26T11:52:05","guid":{"rendered":"https:\/\/proo.ottensheim.at\/html\/?p=2161"},"modified":"2021-02-26T13:17:08","modified_gmt":"2021-02-26T12:17:08","slug":"ottenshain-fuer-ottensheim","status":"publish","type":"post","link":"https:\/\/proo.ottensheim.at\/html\/2021\/02\/26\/ottenshain-fuer-ottensheim\/","title":{"rendered":"OttensHain f\u00fcr Ottensheim"},"content":{"rendered":"\n<p>B\u00e4ume sind ein wichtiger Teil unseres Rodlgel\u00e4ndes. Sie bieten Schatten, laden zum Verweilen ein und bieten Raum zum Spielen. Sie stellen aber auch eine gro\u00dfe Aufgabe f\u00fcr die Gemeinde dar, denn sie m\u00fcssen gepflegt werden. <\/p>\n\n\n\n<p>Es gilt, ihren Gesundheitszustand laufend zu bewerten und zu beobachten, und von ihnen ausgehende Gefahren m\u00fcssen beseitigt werden. Dies alles hat die Gemeinde dazu bewogen, einige der besonders pflegeintensiven Hybridpappeln, die im Zuge des Kraftwerksbaus am Rodlgel\u00e4nde gepflanzt wurden, durch neue, heimische und vor allem langlebige B\u00e4ume zu ersetzen.<\/p>\n\n\n\n<p>Unser Freizeitgel\u00e4nde soll ein neues Gesicht erhalten mit Eichen, Ulmen, Linden und Co. Dieses Gesicht muss wachsen und sich entwickeln, aber mit der Zeit wird es sch\u00f6ner, nat\u00fcrlicher und vor allem vielf\u00e4ltiger sein, als es das bisher war.<\/p>\n\n\n\n<p>Damit unser Rodlgel\u00e4nde schon bald wieder ein ansehnlicheres Gesicht bekommt, halten wir es f\u00fcr wichtig, uns zu beteiligen, unseren Teil beizutragen, mit &#8222;OttensHain&#8220;.<\/p>\n\n\n\n<p>OttensHain ist eine Spendenaktion, ein BaumFunding, um zus\u00e4tzlich zu den neuen Gemeindeb\u00e4umen einige gr\u00f6\u00dfere B\u00e4ume auf dem Rodlgel\u00e4nde zu verteilen und damit dem neuen Gesicht schon jetzt Konturen zu geben.<\/p>\n\n\n\n<p>Damit das gelingt, macht ProO den Anfang, aber wir laden euch OttensheimerInnen ein mitzubauen, Konturen zu schaffen und die Vielfalt unseres Ortes ein wenig zu vergr\u00f6\u00dfern. <\/p>\n\n\n\n<p>Du m\u00f6chtest dich beteiligen? Du m\u00f6chtest in Zukunft DEINEN Baum am Rodlgel\u00e4nde besuchen? Dann schreib uns einen <a href=\"https:\/\/www.facebook.com\/permalink.php?story_fbid=3840434259325472&amp;id=667971543238442\" target=\"_blank\" rel=\"noreferrer noopener\">Kommentar<\/a>, eine PN oder gerne ein Mail an <a href=\"mailto:pro.o@ottensheim.at\">pro.o@ottensheim.at<\/a>. In diesem Sinne: lasst das Pflanzen beginnen!<\/p>\n\n\n\n<p class=\"has-text-align-right\">Bildquelle: <a href=\"http:\/\/www.pixabay.com\" target=\"_blank\" rel=\"noreferrer noopener\">Pixabay<\/a><\/p>\n<div class=\"shariff shariff-align-center shariff-widget-align-left\" data-services=\"facebook\" data-url=\"https:\/\/proo.ottensheim.at\/html\/2021\/02\/26\/ottenshain-fuer-ottensheim\/\" data-timestamp=\"1614345428\" data-hidezero=\"1\" data-backendurl=\"https:\/\/proo.ottensheim.at\/html\/wp-json\/shariff\/v1\/share_counts?\"><ul class=\"shariff-buttons theme-white orientation-horizontal buttonsize-small\"><li class=\"shariff-button facebook shariff-nocustomcolor\" style=\"background-color:#4273c8\"><a href=\"https:\/\/www.facebook.com\/sharer\/sharer.php?u=https%3A%2F%2Fproo.ottensheim.at%2Fhtml%2F2021%2F02%2F26%2Fottenshain-fuer-ottensheim%2F\" title=\"Bei Facebook teilen\" aria-label=\"Bei Facebook teilen\" role=\"button\" rel=\"nofollow\" class=\"shariff-link\" style=\"; background-color:#3b5998; color:#3b5998\" target=\"_blank\"><span class=\"shariff-icon\" style=\"fill:#3b5998\"><svg width=\"32px\" height=\"20px\" xmlns=\"http:\/\/www.w3.org\/2000\/svg\" viewBox=\"0 0 18 32\"><path fill=\"#3b5998\" d=\"M17.1 0.2v4.7h-2.8q-1.5 0-2.1 0.6t-0.5 1.9v3.4h5.2l-0.7 5.3h-4.5v13.6h-5.5v-13.6h-4.5v-5.3h4.5v-3.9q0-3.3 1.9-5.2t5-1.8q2.6 0 4.1 0.2z\"\/><\/svg><\/span><span class=\"shariff-text\" style=\"color:#3b5998\">teilen<\/span>&nbsp;<span data-service=\"facebook\" style=\"color:#3b5998\" class=\"shariff-count shariff-hidezero\"><\/span>&nbsp;<\/a><\/li><li class=\"shariff-button bluesky shariff-nocustomcolor\" style=\"background-color:#84c4ff\"><a href=\"https:\/\/bsky.app\/intent\/compose?text=OttensHain%20f%C3%BCr%20Ottensheim https%3A%2F%2Fproo.ottensheim.at%2Fhtml%2F2021%2F02%2F26%2Fottenshain-fuer-ottensheim%2F \" title=\"Bei Bluesky teilen\" aria-label=\"Bei Bluesky teilen\" role=\"button\" rel=\"noopener nofollow\" class=\"shariff-link\" style=\"; background-color:#0085ff; color:#0085ff\" target=\"_blank\"><span class=\"shariff-icon\" style=\"fill:#0085ff\"><svg width=\"20\" height=\"20\" version=\"1.1\" xmlns=\"http:\/\/www.w3.org\/2000\/svg\" viewBox=\"0 0 20 20\"><path class=\"st0\" d=\"M4.89,3.12c2.07,1.55,4.3,4.71,5.11,6.4.82-1.69,3.04-4.84,5.11-6.4,1.49-1.12,3.91-1.99,3.91.77,0,.55-.32,4.63-.5,5.3-.64,2.3-2.99,2.89-5.08,2.54,3.65.62,4.58,2.68,2.57,4.74-3.81,3.91-5.48-.98-5.9-2.23-.08-.23-.11-.34-.12-.25,0-.09-.04.02-.12.25-.43,1.25-2.09,6.14-5.9,2.23-2.01-2.06-1.08-4.12,2.57-4.74-2.09.36-4.44-.23-5.08-2.54-.19-.66-.5-4.74-.5-5.3,0-2.76,2.42-1.89,3.91-.77h0Z\"\/><\/svg><\/span><span class=\"shariff-text\" style=\"color:#0085ff\">teilen<\/span>&nbsp;<\/a><\/li><li class=\"shariff-button whatsapp shariff-nocustomcolor shariff-mobile\" style=\"background-color:#5cbe4a\"><a href=\"https:\/\/api.whatsapp.com\/send?text=https%3A%2F%2Fproo.ottensheim.at%2Fhtml%2F2021%2F02%2F26%2Fottenshain-fuer-ottensheim%2F%20OttensHain%20f%C3%BCr%20Ottensheim\" title=\"Bei Whatsapp teilen\" aria-label=\"Bei Whatsapp teilen\" role=\"button\" rel=\"noopener nofollow\" class=\"shariff-link\" style=\"; background-color:#34af23; color:#34af23\" target=\"_blank\"><span class=\"shariff-icon\" style=\"fill:#34af23\"><svg width=\"32px\" height=\"20px\" xmlns=\"http:\/\/www.w3.org\/2000\/svg\" viewBox=\"0 0 32 32\"><path fill=\"#34af23\" d=\"M17.6 17.4q0.2 0 1.7 0.8t1.6 0.9q0 0.1 0 0.3 0 0.6-0.3 1.4-0.3 0.7-1.3 1.2t-1.8 0.5q-1 0-3.4-1.1-1.7-0.8-3-2.1t-2.6-3.3q-1.3-1.9-1.3-3.5v-0.1q0.1-1.6 1.3-2.8 0.4-0.4 0.9-0.4 0.1 0 0.3 0t0.3 0q0.3 0 0.5 0.1t0.3 0.5q0.1 0.4 0.6 1.6t0.4 1.3q0 0.4-0.6 1t-0.6 0.8q0 0.1 0.1 0.3 0.6 1.3 1.8 2.4 1 0.9 2.7 1.8 0.2 0.1 0.4 0.1 0.3 0 1-0.9t0.9-0.9zM14 26.9q2.3 0 4.3-0.9t3.6-2.4 2.4-3.6 0.9-4.3-0.9-4.3-2.4-3.6-3.6-2.4-4.3-0.9-4.3 0.9-3.6 2.4-2.4 3.6-0.9 4.3q0 3.6 2.1 6.6l-1.4 4.2 4.3-1.4q2.8 1.9 6.2 1.9zM14 2.2q2.7 0 5.2 1.1t4.3 2.9 2.9 4.3 1.1 5.2-1.1 5.2-2.9 4.3-4.3 2.9-5.2 1.1q-3.5 0-6.5-1.7l-7.4 2.4 2.4-7.2q-1.9-3.2-1.9-6.9 0-2.7 1.1-5.2t2.9-4.3 4.3-2.9 5.2-1.1z\"\/><\/svg><\/span><span class=\"shariff-text\" style=\"color:#34af23\">teilen<\/span>&nbsp;<\/a><\/li><li class=\"shariff-button mailto shariff-nocustomcolor\" style=\"background-color:#a8a8a8\"><a href=\"mailto:?body=https%3A%2F%2Fproo.ottensheim.at%2Fhtml%2F2021%2F02%2F26%2Fottenshain-fuer-ottensheim%2F&subject=OttensHain%20f%C3%BCr%20Ottensheim\" title=\"Per E-Mail versenden\" aria-label=\"Per E-Mail versenden\" role=\"button\" rel=\"noopener nofollow\" class=\"shariff-link\" style=\"; background-color:#999; color:#999\"><span class=\"shariff-icon\" style=\"fill:#999\"><svg width=\"32px\" height=\"20px\" xmlns=\"http:\/\/www.w3.org\/2000\/svg\" viewBox=\"0 0 32 32\"><path fill=\"#999\" d=\"M32 12.7v14.2q0 1.2-0.8 2t-2 0.9h-26.3q-1.2 0-2-0.9t-0.8-2v-14.2q0.8 0.9 1.8 1.6 6.5 4.4 8.9 6.1 1 0.8 1.6 1.2t1.7 0.9 2 0.4h0.1q0.9 0 2-0.4t1.7-0.9 1.6-1.2q3-2.2 8.9-6.1 1-0.7 1.8-1.6zM32 7.4q0 1.4-0.9 2.7t-2.2 2.2q-6.7 4.7-8.4 5.8-0.2 0.1-0.7 0.5t-1 0.7-0.9 0.6-1.1 0.5-0.9 0.2h-0.1q-0.4 0-0.9-0.2t-1.1-0.5-0.9-0.6-1-0.7-0.7-0.5q-1.6-1.1-4.7-3.2t-3.6-2.6q-1.1-0.7-2.1-2t-1-2.5q0-1.4 0.7-2.3t2.1-0.9h26.3q1.2 0 2 0.8t0.9 2z\"\/><\/svg><\/span><span class=\"shariff-text\" style=\"color:#999\">E-Mail<\/span>&nbsp;<\/a><\/li><\/ul><\/div>","protected":false},"excerpt":{"rendered":"<p>B\u00e4ume sind ein wichtiger Teil unseres Rodlgel\u00e4ndes. Sie bieten Schatten, laden zum Verweilen ein und bieten Raum zum Spielen. Sie stellen aber auch eine gro\u00dfe Aufgabe f\u00fcr die Gemeinde dar, denn sie m\u00fcssen gepflegt werden. <\/p>\n<p>Es gilt, ihren Gesundheitszustand laufend zu bewerten und zu beobachten, und von ihnen ausgehende Gefahren m\u00fcssen beseitigt werden. <\/p>\n<p class=\"read-more\"><a class=\"btn btn-default\" href=\"https:\/\/proo.ottensheim.at\/html\/2021\/02\/26\/ottenshain-fuer-ottensheim\/\">Weiterlesen<span class=\"screen-reader-text\"> Weiterlesen<\/span><\/a><\/p>\n<div class=\"shariff shariff-align-center shariff-widget-align-left\" data-services=\"facebook\" data-url=\"https:\/\/proo.ottensheim.at\/html\/2021\/02\/26\/ottenshain-fuer-ottensheim\/\" data-timestamp=\"1614345428\" data-hidezero=\"1\" data-backendurl=\"https:\/\/proo.ottensheim.at\/html\/wp-json\/shariff\/v1\/share_counts?\"><ul class=\"shariff-buttons theme-white orientation-horizontal buttonsize-small\"><li class=\"shariff-button facebook shariff-nocustomcolor\" style=\"background-color:#4273c8\"><a href=\"https:\/\/www.facebook.com\/sharer\/sharer.php?u=https%3A%2F%2Fproo.ottensheim.at%2Fhtml%2F2021%2F02%2F26%2Fottenshain-fuer-ottensheim%2F\" title=\"Bei Facebook teilen\" aria-label=\"Bei Facebook teilen\" role=\"button\" rel=\"nofollow\" class=\"shariff-link\" style=\"; background-color:#3b5998; color:#3b5998\" target=\"_blank\"><span class=\"shariff-icon\" style=\"fill:#3b5998\"><svg width=\"32px\" height=\"20px\" xmlns=\"http:\/\/www.w3.org\/2000\/svg\" viewBox=\"0 0 18 32\"><path fill=\"#3b5998\" d=\"M17.1 0.2v4.7h-2.8q-1.5 0-2.1 0.6t-0.5 1.9v3.4h5.2l-0.7 5.3h-4.5v13.6h-5.5v-13.6h-4.5v-5.3h4.5v-3.9q0-3.3 1.9-5.2t5-1.8q2.6 0 4.1 0.2z\"\/><\/svg><\/span><span class=\"shariff-text\" style=\"color:#3b5998\">teilen<\/span>&nbsp;<span data-service=\"facebook\" style=\"color:#3b5998\" class=\"shariff-count shariff-hidezero\"><\/span>&nbsp;<\/a><\/li><li class=\"shariff-button bluesky shariff-nocustomcolor\" style=\"background-color:#84c4ff\"><a href=\"https:\/\/bsky.app\/intent\/compose?text=OttensHain%20f%C3%BCr%20Ottensheim https%3A%2F%2Fproo.ottensheim.at%2Fhtml%2F2021%2F02%2F26%2Fottenshain-fuer-ottensheim%2F \" title=\"Bei Bluesky teilen\" aria-label=\"Bei Bluesky teilen\" role=\"button\" rel=\"noopener nofollow\" class=\"shariff-link\" style=\"; background-color:#0085ff; color:#0085ff\" target=\"_blank\"><span class=\"shariff-icon\" style=\"fill:#0085ff\"><svg width=\"20\" height=\"20\" version=\"1.1\" xmlns=\"http:\/\/www.w3.org\/2000\/svg\" viewBox=\"0 0 20 20\"><path class=\"st0\" d=\"M4.89,3.12c2.07,1.55,4.3,4.71,5.11,6.4.82-1.69,3.04-4.84,5.11-6.4,1.49-1.12,3.91-1.99,3.91.77,0,.55-.32,4.63-.5,5.3-.64,2.3-2.99,2.89-5.08,2.54,3.65.62,4.58,2.68,2.57,4.74-3.81,3.91-5.48-.98-5.9-2.23-.08-.23-.11-.34-.12-.25,0-.09-.04.02-.12.25-.43,1.25-2.09,6.14-5.9,2.23-2.01-2.06-1.08-4.12,2.57-4.74-2.09.36-4.44-.23-5.08-2.54-.19-.66-.5-4.74-.5-5.3,0-2.76,2.42-1.89,3.91-.77h0Z\"\/><\/svg><\/span><span class=\"shariff-text\" style=\"color:#0085ff\">teilen<\/span>&nbsp;<\/a><\/li><li class=\"shariff-button whatsapp shariff-nocustomcolor shariff-mobile\" style=\"background-color:#5cbe4a\"><a href=\"https:\/\/api.whatsapp.com\/send?text=https%3A%2F%2Fproo.ottensheim.at%2Fhtml%2F2021%2F02%2F26%2Fottenshain-fuer-ottensheim%2F%20OttensHain%20f%C3%BCr%20Ottensheim\" title=\"Bei Whatsapp teilen\" aria-label=\"Bei Whatsapp teilen\" role=\"button\" rel=\"noopener nofollow\" class=\"shariff-link\" style=\"; background-color:#34af23; color:#34af23\" target=\"_blank\"><span class=\"shariff-icon\" style=\"fill:#34af23\"><svg width=\"32px\" height=\"20px\" xmlns=\"http:\/\/www.w3.org\/2000\/svg\" viewBox=\"0 0 32 32\"><path fill=\"#34af23\" d=\"M17.6 17.4q0.2 0 1.7 0.8t1.6 0.9q0 0.1 0 0.3 0 0.6-0.3 1.4-0.3 0.7-1.3 1.2t-1.8 0.5q-1 0-3.4-1.1-1.7-0.8-3-2.1t-2.6-3.3q-1.3-1.9-1.3-3.5v-0.1q0.1-1.6 1.3-2.8 0.4-0.4 0.9-0.4 0.1 0 0.3 0t0.3 0q0.3 0 0.5 0.1t0.3 0.5q0.1 0.4 0.6 1.6t0.4 1.3q0 0.4-0.6 1t-0.6 0.8q0 0.1 0.1 0.3 0.6 1.3 1.8 2.4 1 0.9 2.7 1.8 0.2 0.1 0.4 0.1 0.3 0 1-0.9t0.9-0.9zM14 26.9q2.3 0 4.3-0.9t3.6-2.4 2.4-3.6 0.9-4.3-0.9-4.3-2.4-3.6-3.6-2.4-4.3-0.9-4.3 0.9-3.6 2.4-2.4 3.6-0.9 4.3q0 3.6 2.1 6.6l-1.4 4.2 4.3-1.4q2.8 1.9 6.2 1.9zM14 2.2q2.7 0 5.2 1.1t4.3 2.9 2.9 4.3 1.1 5.2-1.1 5.2-2.9 4.3-4.3 2.9-5.2 1.1q-3.5 0-6.5-1.7l-7.4 2.4 2.4-7.2q-1.9-3.2-1.9-6.9 0-2.7 1.1-5.2t2.9-4.3 4.3-2.9 5.2-1.1z\"\/><\/svg><\/span><span class=\"shariff-text\" style=\"color:#34af23\">teilen<\/span>&nbsp;<\/a><\/li><li class=\"shariff-button mailto shariff-nocustomcolor\" style=\"background-color:#a8a8a8\"><a href=\"mailto:?body=https%3A%2F%2Fproo.ottensheim.at%2Fhtml%2F2021%2F02%2F26%2Fottenshain-fuer-ottensheim%2F&subject=OttensHain%20f%C3%BCr%20Ottensheim\" title=\"Per E-Mail versenden\" aria-label=\"Per E-Mail versenden\" role=\"button\" rel=\"noopener nofollow\" class=\"shariff-link\" style=\"; background-color:#999; color:#999\"><span class=\"shariff-icon\" style=\"fill:#999\"><svg width=\"32px\" height=\"20px\" xmlns=\"http:\/\/www.w3.org\/2000\/svg\" viewBox=\"0 0 32 32\"><path fill=\"#999\" d=\"M32 12.7v14.2q0 1.2-0.8 2t-2 0.9h-26.3q-1.2 0-2-0.9t-0.8-2v-14.2q0.8 0.9 1.8 1.6 6.5 4.4 8.9 6.1 1 0.8 1.6 1.2t1.7 0.9 2 0.4h0.1q0.9 0 2-0.4t1.7-0.9 1.6-1.2q3-2.2 8.9-6.1 1-0.7 1.8-1.6zM32 7.4q0 1.4-0.9 2.7t-2.2 2.2q-6.7 4.7-8.4 5.8-0.2 0.1-0.7 0.5t-1 0.7-0.9 0.6-1.1 0.5-0.9 0.2h-0.1q-0.4 0-0.9-0.2t-1.1-0.5-0.9-0.6-1-0.7-0.7-0.5q-1.6-1.1-4.7-3.2t-3.6-2.6q-1.1-0.7-2.1-2t-1-2.5q0-1.4 0.7-2.3t2.1-0.9h26.3q1.2 0 2 0.8t0.9 2z\"\/><\/svg><\/span><span class=\"shariff-text\" style=\"color:#999\">E-Mail<\/span>&nbsp;<\/a><\/li><\/ul><\/div>","protected":false},"author":1,"featured_media":2163,"comment_status":"closed","ping_status":"open","sticky":false,"template":"","format":"standard","meta":{"footnotes":""},"categories":[1],"tags":[],"class_list":["post-2161","post","type-post","status-publish","format-standard","has-post-thumbnail","hentry","category-allgemein"],"yoast_head":"<!-- This site is optimized with the Yoast SEO plugin v27.4 - https:\/\/yoast.com\/product\/yoast-seo-wordpress\/ -->\n<title>OttensHain f\u00fcr Ottensheim - pro O. - Liste f\u00fcr Ottensheim<\/title>\n<meta name=\"robots\" content=\"index, follow, max-snippet:-1, max-image-preview:large, max-video-preview:-1\" \/>\n<link rel=\"canonical\" href=\"https:\/\/proo.ottensheim.at\/html\/2021\/02\/26\/ottenshain-fuer-ottensheim\/\" \/>\n<meta property=\"og:locale\" content=\"de_DE\" \/>\n<meta property=\"og:type\" content=\"article\" \/>\n<meta property=\"og:title\" content=\"OttensHain f\u00fcr Ottensheim - pro O. - Liste f\u00fcr Ottensheim\" \/>\n<meta property=\"og:description\" content=\"B\u00e4ume sind ein wichtiger Teil unseres Rodlgel\u00e4ndes. Sie bieten Schatten, laden zum Verweilen ein und bieten Raum zum Spielen. Sie stellen aber auch eine gro\u00dfe Aufgabe f\u00fcr die Gemeinde dar, denn sie m\u00fcssen gepflegt werden.  Es gilt, ihren Gesundheitszustand laufend zu bewerten und zu beobachten, und von ihnen ausgehende Gefahren m\u00fcssen beseitigt werden.  Weiterlesen Weiterlesen\" \/>\n<meta property=\"og:url\" content=\"https:\/\/proo.ottensheim.at\/html\/2021\/02\/26\/ottenshain-fuer-ottensheim\/\" \/>\n<meta property=\"og:site_name\" content=\"pro O. - Liste f\u00fcr Ottensheim\" \/>\n<meta property=\"article:publisher\" content=\"https:\/\/www.facebook.com\/pro-O-liste-f%c3%bcr-ottensheim-667971543238442\/\" \/>\n<meta property=\"article:published_time\" content=\"2021-02-26T11:52:05+00:00\" \/>\n<meta property=\"article:modified_time\" content=\"2021-02-26T12:17:08+00:00\" \/>\n<meta property=\"og:image\" content=\"https:\/\/proo.ottensheim.at\/html\/wp-content\/uploads\/2021\/02\/baeume.jpg\" \/>\n\t<meta property=\"og:image:width\" content=\"1280\" \/>\n\t<meta property=\"og:image:height\" content=\"854\" \/>\n\t<meta property=\"og:image:type\" content=\"image\/jpeg\" \/>\n<meta name=\"author\" content=\"Johannes Reiter-Schwaighofer\" \/>\n<meta name=\"twitter:card\" content=\"summary_large_image\" \/>\n<meta name=\"twitter:creator\" content=\"@proO_Ottensheim\" \/>\n<meta name=\"twitter:site\" content=\"@proO_Ottensheim\" \/>\n<meta name=\"twitter:label1\" content=\"Verfasst von\" \/>\n\t<meta name=\"twitter:data1\" content=\"Johannes Reiter-Schwaighofer\" \/>\n\t<meta name=\"twitter:label2\" content=\"Gesch\u00e4tzte Lesezeit\" \/>\n\t<meta name=\"twitter:data2\" content=\"2\u00a0Minuten\" \/>\n<script type=\"application\/ld+json\" class=\"yoast-schema-graph\">{\"@context\":\"https:\\\/\\\/schema.org\",\"@graph\":[{\"@type\":\"Article\",\"@id\":\"https:\\\/\\\/proo.ottensheim.at\\\/html\\\/2021\\\/02\\\/26\\\/ottenshain-fuer-ottensheim\\\/#article\",\"isPartOf\":{\"@id\":\"https:\\\/\\\/proo.ottensheim.at\\\/html\\\/2021\\\/02\\\/26\\\/ottenshain-fuer-ottensheim\\\/\"},\"author\":{\"name\":\"Johannes Reiter-Schwaighofer\",\"@id\":\"https:\\\/\\\/proo.ottensheim.at\\\/html\\\/#\\\/schema\\\/person\\\/620c624827fd0894901331f27192b61d\"},\"headline\":\"OttensHain f\u00fcr Ottensheim\",\"datePublished\":\"2021-02-26T11:52:05+00:00\",\"dateModified\":\"2021-02-26T12:17:08+00:00\",\"mainEntityOfPage\":{\"@id\":\"https:\\\/\\\/proo.ottensheim.at\\\/html\\\/2021\\\/02\\\/26\\\/ottenshain-fuer-ottensheim\\\/\"},\"wordCount\":266,\"publisher\":{\"@id\":\"https:\\\/\\\/proo.ottensheim.at\\\/html\\\/#organization\"},\"image\":{\"@id\":\"https:\\\/\\\/proo.ottensheim.at\\\/html\\\/2021\\\/02\\\/26\\\/ottenshain-fuer-ottensheim\\\/#primaryimage\"},\"thumbnailUrl\":\"https:\\\/\\\/proo.ottensheim.at\\\/html\\\/wp-content\\\/uploads\\\/2021\\\/02\\\/baeume.jpg\",\"inLanguage\":\"de\"},{\"@type\":\"WebPage\",\"@id\":\"https:\\\/\\\/proo.ottensheim.at\\\/html\\\/2021\\\/02\\\/26\\\/ottenshain-fuer-ottensheim\\\/\",\"url\":\"https:\\\/\\\/proo.ottensheim.at\\\/html\\\/2021\\\/02\\\/26\\\/ottenshain-fuer-ottensheim\\\/\",\"name\":\"OttensHain f\u00fcr Ottensheim - pro O. - Liste f\u00fcr Ottensheim\",\"isPartOf\":{\"@id\":\"https:\\\/\\\/proo.ottensheim.at\\\/html\\\/#website\"},\"primaryImageOfPage\":{\"@id\":\"https:\\\/\\\/proo.ottensheim.at\\\/html\\\/2021\\\/02\\\/26\\\/ottenshain-fuer-ottensheim\\\/#primaryimage\"},\"image\":{\"@id\":\"https:\\\/\\\/proo.ottensheim.at\\\/html\\\/2021\\\/02\\\/26\\\/ottenshain-fuer-ottensheim\\\/#primaryimage\"},\"thumbnailUrl\":\"https:\\\/\\\/proo.ottensheim.at\\\/html\\\/wp-content\\\/uploads\\\/2021\\\/02\\\/baeume.jpg\",\"datePublished\":\"2021-02-26T11:52:05+00:00\",\"dateModified\":\"2021-02-26T12:17:08+00:00\",\"breadcrumb\":{\"@id\":\"https:\\\/\\\/proo.ottensheim.at\\\/html\\\/2021\\\/02\\\/26\\\/ottenshain-fuer-ottensheim\\\/#breadcrumb\"},\"inLanguage\":\"de\",\"potentialAction\":[{\"@type\":\"ReadAction\",\"target\":[\"https:\\\/\\\/proo.ottensheim.at\\\/html\\\/2021\\\/02\\\/26\\\/ottenshain-fuer-ottensheim\\\/\"]}]},{\"@type\":\"ImageObject\",\"inLanguage\":\"de\",\"@id\":\"https:\\\/\\\/proo.ottensheim.at\\\/html\\\/2021\\\/02\\\/26\\\/ottenshain-fuer-ottensheim\\\/#primaryimage\",\"url\":\"https:\\\/\\\/proo.ottensheim.at\\\/html\\\/wp-content\\\/uploads\\\/2021\\\/02\\\/baeume.jpg\",\"contentUrl\":\"https:\\\/\\\/proo.ottensheim.at\\\/html\\\/wp-content\\\/uploads\\\/2021\\\/02\\\/baeume.jpg\",\"width\":1280,\"height\":854,\"caption\":\"Bild: pixabay.com\"},{\"@type\":\"BreadcrumbList\",\"@id\":\"https:\\\/\\\/proo.ottensheim.at\\\/html\\\/2021\\\/02\\\/26\\\/ottenshain-fuer-ottensheim\\\/#breadcrumb\",\"itemListElement\":[{\"@type\":\"ListItem\",\"position\":1,\"name\":\"Startseite\",\"item\":\"https:\\\/\\\/proo.ottensheim.at\\\/html\\\/\"},{\"@type\":\"ListItem\",\"position\":2,\"name\":\"OttensHain f\u00fcr Ottensheim\"}]},{\"@type\":\"WebSite\",\"@id\":\"https:\\\/\\\/proo.ottensheim.at\\\/html\\\/#website\",\"url\":\"https:\\\/\\\/proo.ottensheim.at\\\/html\\\/\",\"name\":\"pro O. - Liste f\u00fcr Ottensheim\",\"description\":\"\",\"publisher\":{\"@id\":\"https:\\\/\\\/proo.ottensheim.at\\\/html\\\/#organization\"},\"potentialAction\":[{\"@type\":\"SearchAction\",\"target\":{\"@type\":\"EntryPoint\",\"urlTemplate\":\"https:\\\/\\\/proo.ottensheim.at\\\/html\\\/?s={search_term_string}\"},\"query-input\":{\"@type\":\"PropertyValueSpecification\",\"valueRequired\":true,\"valueName\":\"search_term_string\"}}],\"inLanguage\":\"de\"},{\"@type\":\"Organization\",\"@id\":\"https:\\\/\\\/proo.ottensheim.at\\\/html\\\/#organization\",\"name\":\"pro 0. - Liste f\u00fcr Ottensheim\",\"url\":\"https:\\\/\\\/proo.ottensheim.at\\\/html\\\/\",\"logo\":{\"@type\":\"ImageObject\",\"inLanguage\":\"de\",\"@id\":\"https:\\\/\\\/proo.ottensheim.at\\\/html\\\/#\\\/schema\\\/logo\\\/image\\\/\",\"url\":\"https:\\\/\\\/proo.ottensheim.at\\\/html\\\/wp-content\\\/uploads\\\/2017\\\/12\\\/O.-Logo-131x133-1.png\",\"contentUrl\":\"https:\\\/\\\/proo.ottensheim.at\\\/html\\\/wp-content\\\/uploads\\\/2017\\\/12\\\/O.-Logo-131x133-1.png\",\"width\":131,\"height\":133,\"caption\":\"pro 0. - Liste f\u00fcr Ottensheim\"},\"image\":{\"@id\":\"https:\\\/\\\/proo.ottensheim.at\\\/html\\\/#\\\/schema\\\/logo\\\/image\\\/\"},\"sameAs\":[\"https:\\\/\\\/www.facebook.com\\\/pro-O-liste-f\u00fcr-ottensheim-667971543238442\\\/\",\"https:\\\/\\\/x.com\\\/proO_Ottensheim\"]},{\"@type\":\"Person\",\"@id\":\"https:\\\/\\\/proo.ottensheim.at\\\/html\\\/#\\\/schema\\\/person\\\/620c624827fd0894901331f27192b61d\",\"name\":\"Johannes Reiter-Schwaighofer\",\"image\":{\"@type\":\"ImageObject\",\"inLanguage\":\"de\",\"@id\":\"https:\\\/\\\/secure.gravatar.com\\\/avatar\\\/86fcbf9bcdef25ae947e7d7112901e87a76ae18eed7755073e88e2fd0bb7dd42?s=96&d=mm&r=g\",\"url\":\"https:\\\/\\\/secure.gravatar.com\\\/avatar\\\/86fcbf9bcdef25ae947e7d7112901e87a76ae18eed7755073e88e2fd0bb7dd42?s=96&d=mm&r=g\",\"contentUrl\":\"https:\\\/\\\/secure.gravatar.com\\\/avatar\\\/86fcbf9bcdef25ae947e7d7112901e87a76ae18eed7755073e88e2fd0bb7dd42?s=96&d=mm&r=g\",\"caption\":\"Johannes Reiter-Schwaighofer\"},\"url\":\"https:\\\/\\\/proo.ottensheim.at\\\/html\\\/author\\\/hannes\\\/\"}]}<\/script>\n<!-- \/ Yoast SEO plugin. -->","yoast_head_json":{"title":"OttensHain f\u00fcr Ottensheim - pro O. - Liste f\u00fcr Ottensheim","robots":{"index":"index","follow":"follow","max-snippet":"max-snippet:-1","max-image-preview":"max-image-preview:large","max-video-preview":"max-video-preview:-1"},"canonical":"https:\/\/proo.ottensheim.at\/html\/2021\/02\/26\/ottenshain-fuer-ottensheim\/","og_locale":"de_DE","og_type":"article","og_title":"OttensHain f\u00fcr Ottensheim - pro O. - Liste f\u00fcr Ottensheim","og_description":"B\u00e4ume sind ein wichtiger Teil unseres Rodlgel\u00e4ndes. Sie bieten Schatten, laden zum Verweilen ein und bieten Raum zum Spielen. Sie stellen aber auch eine gro\u00dfe Aufgabe f\u00fcr die Gemeinde dar, denn sie m\u00fcssen gepflegt werden.  Es gilt, ihren Gesundheitszustand laufend zu bewerten und zu beobachten, und von ihnen ausgehende Gefahren m\u00fcssen beseitigt werden.  Weiterlesen Weiterlesen","og_url":"https:\/\/proo.ottensheim.at\/html\/2021\/02\/26\/ottenshain-fuer-ottensheim\/","og_site_name":"pro O. - Liste f\u00fcr Ottensheim","article_publisher":"https:\/\/www.facebook.com\/pro-O-liste-f%c3%bcr-ottensheim-667971543238442\/","article_published_time":"2021-02-26T11:52:05+00:00","article_modified_time":"2021-02-26T12:17:08+00:00","og_image":[{"width":1280,"height":854,"url":"https:\/\/proo.ottensheim.at\/html\/wp-content\/uploads\/2021\/02\/baeume.jpg","type":"image\/jpeg"}],"author":"Johannes Reiter-Schwaighofer","twitter_card":"summary_large_image","twitter_creator":"@proO_Ottensheim","twitter_site":"@proO_Ottensheim","twitter_misc":{"Verfasst von":"Johannes Reiter-Schwaighofer","Gesch\u00e4tzte Lesezeit":"2\u00a0Minuten"},"schema":{"@context":"https:\/\/schema.org","@graph":[{"@type":"Article","@id":"https:\/\/proo.ottensheim.at\/html\/2021\/02\/26\/ottenshain-fuer-ottensheim\/#article","isPartOf":{"@id":"https:\/\/proo.ottensheim.at\/html\/2021\/02\/26\/ottenshain-fuer-ottensheim\/"},"author":{"name":"Johannes Reiter-Schwaighofer","@id":"https:\/\/proo.ottensheim.at\/html\/#\/schema\/person\/620c624827fd0894901331f27192b61d"},"headline":"OttensHain f\u00fcr Ottensheim","datePublished":"2021-02-26T11:52:05+00:00","dateModified":"2021-02-26T12:17:08+00:00","mainEntityOfPage":{"@id":"https:\/\/proo.ottensheim.at\/html\/2021\/02\/26\/ottenshain-fuer-ottensheim\/"},"wordCount":266,"publisher":{"@id":"https:\/\/proo.ottensheim.at\/html\/#organization"},"image":{"@id":"https:\/\/proo.ottensheim.at\/html\/2021\/02\/26\/ottenshain-fuer-ottensheim\/#primaryimage"},"thumbnailUrl":"https:\/\/proo.ottensheim.at\/html\/wp-content\/uploads\/2021\/02\/baeume.jpg","inLanguage":"de"},{"@type":"WebPage","@id":"https:\/\/proo.ottensheim.at\/html\/2021\/02\/26\/ottenshain-fuer-ottensheim\/","url":"https:\/\/proo.ottensheim.at\/html\/2021\/02\/26\/ottenshain-fuer-ottensheim\/","name":"OttensHain f\u00fcr Ottensheim - pro O. - Liste f\u00fcr Ottensheim","isPartOf":{"@id":"https:\/\/proo.ottensheim.at\/html\/#website"},"primaryImageOfPage":{"@id":"https:\/\/proo.ottensheim.at\/html\/2021\/02\/26\/ottenshain-fuer-ottensheim\/#primaryimage"},"image":{"@id":"https:\/\/proo.ottensheim.at\/html\/2021\/02\/26\/ottenshain-fuer-ottensheim\/#primaryimage"},"thumbnailUrl":"https:\/\/proo.ottensheim.at\/html\/wp-content\/uploads\/2021\/02\/baeume.jpg","datePublished":"2021-02-26T11:52:05+00:00","dateModified":"2021-02-26T12:17:08+00:00","breadcrumb":{"@id":"https:\/\/proo.ottensheim.at\/html\/2021\/02\/26\/ottenshain-fuer-ottensheim\/#breadcrumb"},"inLanguage":"de","potentialAction":[{"@type":"ReadAction","target":["https:\/\/proo.ottensheim.at\/html\/2021\/02\/26\/ottenshain-fuer-ottensheim\/"]}]},{"@type":"ImageObject","inLanguage":"de","@id":"https:\/\/proo.ottensheim.at\/html\/2021\/02\/26\/ottenshain-fuer-ottensheim\/#primaryimage","url":"https:\/\/proo.ottensheim.at\/html\/wp-content\/uploads\/2021\/02\/baeume.jpg","contentUrl":"https:\/\/proo.ottensheim.at\/html\/wp-content\/uploads\/2021\/02\/baeume.jpg","width":1280,"height":854,"caption":"Bild: pixabay.com"},{"@type":"BreadcrumbList","@id":"https:\/\/proo.ottensheim.at\/html\/2021\/02\/26\/ottenshain-fuer-ottensheim\/#breadcrumb","itemListElement":[{"@type":"ListItem","position":1,"name":"Startseite","item":"https:\/\/proo.ottensheim.at\/html\/"},{"@type":"ListItem","position":2,"name":"OttensHain f\u00fcr Ottensheim"}]},{"@type":"WebSite","@id":"https:\/\/proo.ottensheim.at\/html\/#website","url":"https:\/\/proo.ottensheim.at\/html\/","name":"pro O. - Liste f\u00fcr Ottensheim","description":"","publisher":{"@id":"https:\/\/proo.ottensheim.at\/html\/#organization"},"potentialAction":[{"@type":"SearchAction","target":{"@type":"EntryPoint","urlTemplate":"https:\/\/proo.ottensheim.at\/html\/?s={search_term_string}"},"query-input":{"@type":"PropertyValueSpecification","valueRequired":true,"valueName":"search_term_string"}}],"inLanguage":"de"},{"@type":"Organization","@id":"https:\/\/proo.ottensheim.at\/html\/#organization","name":"pro 0. - Liste f\u00fcr Ottensheim","url":"https:\/\/proo.ottensheim.at\/html\/","logo":{"@type":"ImageObject","inLanguage":"de","@id":"https:\/\/proo.ottensheim.at\/html\/#\/schema\/logo\/image\/","url":"https:\/\/proo.ottensheim.at\/html\/wp-content\/uploads\/2017\/12\/O.-Logo-131x133-1.png","contentUrl":"https:\/\/proo.ottensheim.at\/html\/wp-content\/uploads\/2017\/12\/O.-Logo-131x133-1.png","width":131,"height":133,"caption":"pro 0. - Liste f\u00fcr Ottensheim"},"image":{"@id":"https:\/\/proo.ottensheim.at\/html\/#\/schema\/logo\/image\/"},"sameAs":["https:\/\/www.facebook.com\/pro-O-liste-f\u00fcr-ottensheim-667971543238442\/","https:\/\/x.com\/proO_Ottensheim"]},{"@type":"Person","@id":"https:\/\/proo.ottensheim.at\/html\/#\/schema\/person\/620c624827fd0894901331f27192b61d","name":"Johannes Reiter-Schwaighofer","image":{"@type":"ImageObject","inLanguage":"de","@id":"https:\/\/secure.gravatar.com\/avatar\/86fcbf9bcdef25ae947e7d7112901e87a76ae18eed7755073e88e2fd0bb7dd42?s=96&d=mm&r=g","url":"https:\/\/secure.gravatar.com\/avatar\/86fcbf9bcdef25ae947e7d7112901e87a76ae18eed7755073e88e2fd0bb7dd42?s=96&d=mm&r=g","contentUrl":"https:\/\/secure.gravatar.com\/avatar\/86fcbf9bcdef25ae947e7d7112901e87a76ae18eed7755073e88e2fd0bb7dd42?s=96&d=mm&r=g","caption":"Johannes Reiter-Schwaighofer"},"url":"https:\/\/proo.ottensheim.at\/html\/author\/hannes\/"}]}},"cc_featured_image_caption":{"caption_text":"","source_text":"","source_url":""},"_links":{"self":[{"href":"https:\/\/proo.ottensheim.at\/html\/wp-json\/wp\/v2\/posts\/2161","targetHints":{"allow":["GET"]}}],"collection":[{"href":"https:\/\/proo.ottensheim.at\/html\/wp-json\/wp\/v2\/posts"}],"about":[{"href":"https:\/\/proo.ottensheim.at\/html\/wp-json\/wp\/v2\/types\/post"}],"author":[{"embeddable":true,"href":"https:\/\/proo.ottensheim.at\/html\/wp-json\/wp\/v2\/users\/1"}],"replies":[{"embeddable":true,"href":"https:\/\/proo.ottensheim.at\/html\/wp-json\/wp\/v2\/comments?post=2161"}],"version-history":[{"count":7,"href":"https:\/\/proo.ottensheim.at\/html\/wp-json\/wp\/v2\/posts\/2161\/revisions"}],"predecessor-version":[{"id":2171,"href":"https:\/\/proo.ottensheim.at\/html\/wp-json\/wp\/v2\/posts\/2161\/revisions\/2171"}],"wp:featuredmedia":[{"embeddable":true,"href":"https:\/\/proo.ottensheim.at\/html\/wp-json\/wp\/v2\/media\/2163"}],"wp:attachment":[{"href":"https:\/\/proo.ottensheim.at\/html\/wp-json\/wp\/v2\/media?parent=2161"}],"wp:term":[{"taxonomy":"category","embeddable":true,"href":"https:\/\/proo.ottensheim.at\/html\/wp-json\/wp\/v2\/categories?post=2161"},{"taxonomy":"post_tag","embeddable":true,"href":"https:\/\/proo.ottensheim.at\/html\/wp-json\/wp\/v2\/tags?post=2161"}],"curies":[{"name":"wp","href":"https:\/\/api.w.org\/{rel}","templated":true}]}}